[{"@context":"https:\/\/schema.org\/","@type":"Article","@id":"https:\/\/www.digielias.cz\/i-muzi-maji-radi-modu\/#Article","mainEntityOfPage":"https:\/\/www.digielias.cz\/i-muzi-maji-radi-modu\/","headline":"I mu\u017ei maj\u00ed r\u00e1di m\u00f3du","name":"I mu\u017ei maj\u00ed r\u00e1di m\u00f3du","description":"Jak vypad\u00e1 dne\u0161n\u00ed mu\u017e? Mo\u017en\u00e1 V\u00e1s posledn\u00ed dobou p\u0159ekvapuje, \u017ee potk\u00e1v\u00e1te na ulici spoustu mu\u017e\u016f,","datePublished":"2023-06-02","dateModified":"2023-06-02","author":{"@type":"Person","@id":"https:\/\/www.digielias.cz\/author\/devene\/#Person","name":"devene","url":"https:\/\/www.digielias.cz\/author\/devene\/","identifier":1,"image":{"@type":"ImageObject","@id":"https:\/\/secure.gravatar.com\/avatar\/f7b3e8bb7f7cc0c6ca940e74a10b952be4c7d81de8a980387c865f88889f02e3?s=96&d=mm&r=g","url":"https:\/\/secure.gravatar.com\/avatar\/f7b3e8bb7f7cc0c6ca940e74a10b952be4c7d81de8a980387c865f88889f02e3?s=96&d=mm&r=g","height":96,"width":96}},"publisher":{"@type":"Organization","name":"digielias.cz","logo":{"@type":"ImageObject","@id":"\/logo.png","url":"\/logo.png","width":600,"height":60}},"image":{"@type":"ImageObject","@id":"https:\/\/www.digielias.cz\/wp-content\/uploads\/img_a328099_w2620_t1540541420.jpg","url":"https:\/\/www.digielias.cz\/wp-content\/uploads\/img_a328099_w2620_t1540541420.jpg","height":0,"width":0},"url":"https:\/\/www.digielias.cz\/i-muzi-maji-radi-modu\/","wordCount":444,"articleBody":"Jak vypad\u00e1 dne\u0161n\u00ed mu\u017e?Mo\u017en\u00e1 V\u00e1s posledn\u00ed dobou p\u0159ekvapuje, \u017ee potk\u00e1v\u00e1te na ulici spoustu mu\u017e\u016f, kte\u0159\u00ed se obl\u00e9kaj\u00ed velmi modern\u011b. N\u011bkdy si a\u017e \u017eeny musej\u00ed \u0159\u00edkat \u2013 netr\u00e1v\u00ed p\u0159ed zrcadlem v\u00edce \u010dasu ne\u017e \u017eeny? Perfektn\u011b nagelovan\u00e9 vlasy, kter\u00e9 jsou sest\u0159\u00edhan\u00e9 do nejmodern\u011bj\u0161\u00edho \u00fa\u010desu nebo oble\u010den\u00ed, jako vyst\u0159i\u017een\u00e9 z\u00a0nejnov\u011bj\u0161\u00edho m\u00f3dn\u00edho \u010dasopisu. I takto vypadaj\u00ed dne\u0161n\u00ed mu\u017ei. U\u017e d\u00e1vno neplat\u00ed, \u017ee je mu\u017e\u016fm celkem jedno do \u010deho se r\u00e1no obl\u00e9knou \u2013 dnes maj\u00ed mu\u017ei styl a r\u00e1di o sv\u016fj zevn\u011bj\u0161ek pe\u010duj\u00ed. Mnoho z nich se tak\u00e9 pravideln\u011b star\u00e1 o svou ple\u0165. Kupuj\u00ed si nap\u0159. peelingy nebo kr\u00e9my proti vr\u00e1sk\u00e1m, kter\u00e9 jim zajist\u00ed sv\u011b\u017eej\u0161\u00ed ple\u0165. B\u011b\u017en\u00e1 denn\u00ed rutina je pro dne\u0161n\u00edho mu\u017ee tak\u00e9 pou\u017eit\u00ed parf\u00e9mu \u010di deodorantu, bez toho se dnes u\u017e skoro nikdo neobejde. Dne\u0161n\u00ed mu\u017ei maj\u00ed p\u0159edev\u0161\u00edm r\u00e1di eleganci a vracej\u00ed se tak trochu do d\u0159\u00edv\u011bj\u0161\u00edch let.Kde nastala zm\u011bna?Odborn\u00edci na to maj\u00ed r\u016fzn\u00e9 n\u00e1zory, ale jedno je jist\u00e9. Mu\u017ei u\u017e se zkr\u00e1tka neboj\u00ed uk\u00e1zat i svou druhou tv\u00e1\u0159. Um\u00ed b\u00fdt jemn\u011bj\u0161\u00ed, dok\u00e1\u017e\u00ed mluvit otev\u0159en\u011b o sv\u00fdch pocitech a cht\u011bj\u00ed se sv\u011btu i sv\u00e9 \u017een\u011b l\u00edbit. Ka\u017ed\u00e1 \u017eena m\u00e1 r\u00e1da, kdy\u017e se za n\u00ed mu\u017e oto\u010d\u00ed- tak pro\u010d by si to nem\u011bli u\u017e\u00edt i mu\u017ei? D\u0159\u00edve mu\u017ei brali nakupov\u00e1n\u00ed od\u011bvu sp\u00ed\u0161e jako nutnou povinnost, dnes je to sp\u00ed\u0161e radost. V\u00a0obchodech si m\u016f\u017eete v\u0161imnout mu\u017e\u016f, kte\u0159\u00ed jsou \u00fapln\u011b nad\u0161en\u00ed, ze sv\u00e9ho nov\u011b po\u0159\u00edzen\u00e9ho outfitu. Tak jim to p\u0159ejme.Jak\u00fd n\u00e1zor na to maj\u00ed \u017eeny?Pokud se zept\u00e1te \u017een na ot\u00e1zku, co si mysl\u00ed o m\u00f3dn\u00edm obl\u00e9k\u00e1n\u00ed u mu\u017e\u016f, dostane se V\u00e1m ve v\u011bt\u0161in\u011b p\u0159\u00edpad\u016f stejn\u00e1 odpov\u011b\u010f. Zlat\u00e1 st\u0159edn\u00ed cesta je ide\u00e1ln\u00ed kompromis, zkr\u00e1tka nic se nem\u00e1 p\u0159eh\u00e1n\u011bt. Kdy\u017e bude mu\u017e ka\u017ed\u00e9 r\u00e1no tr\u00e1vit p\u0159ed zrcadlem hodinu a neust\u00e1le bude cht\u00edt b\u00fdt modern\u00ed, \u017eenu to brzy dost omrz\u00ed. Na druhou stranu mastn\u00e9 vlasy a zanedban\u00fd zevn\u011bj\u0161ek tak\u00e9 nen\u00ed ide\u00e1ln\u00ed volba pro dne\u0161n\u00ed sv\u011bt. Mu\u017e by m\u011bl o sebe pe\u010dovat s\u00a0m\u00edrou, b\u00fdt upraven\u00fd, a hlavn\u011b by se m\u011bl v\u00a0tom co nos\u00ed c\u00edtit dob\u0159e.                                                                                                                                                                                                                                                                                                                                                                                        4.3\/5 - (10 votes)        "},{"@context":"https:\/\/schema.org\/","@type":"BreadcrumbList","itemListElement":[{"@type":"ListItem","position":1,"name":"I mu\u017ei maj\u00ed r\u00e1di m\u00f3du","item":"https:\/\/www.digielias.cz\/i-muzi-maji-radi-modu\/#breadcrumbitem"}]}]