[{"@context":"https:\/\/schema.org\/","@type":"Article","@id":"https:\/\/www.digielias.cz\/muzi-a-zeny-maji-rozdilnou-plet\/#Article","mainEntityOfPage":"https:\/\/www.digielias.cz\/muzi-a-zeny-maji-rozdilnou-plet\/","headline":"Mu\u017ei a \u017eeny maj\u00ed rozd\u00edlnou ple\u0165","name":"Mu\u017ei a \u017eeny maj\u00ed rozd\u00edlnou ple\u0165","description":"N\u011bkte\u0159\u00ed z\u00a0v\u00e1s je\u0161t\u011b pamatuj\u00ed dobu, kdy se mu\u017ei holili pouze \u0161t\u011btkou, b\u0159itvou a Barbusem, kdy","datePublished":"2018-06-16","dateModified":"2023-06-02","author":{"@type":"Person","@id":"https:\/\/www.digielias.cz\/author\/devene\/#Person","name":"devene","url":"https:\/\/www.digielias.cz\/author\/devene\/","identifier":1,"image":{"@type":"ImageObject","@id":"https:\/\/secure.gravatar.com\/avatar\/f7b3e8bb7f7cc0c6ca940e74a10b952be4c7d81de8a980387c865f88889f02e3?s=96&d=mm&r=g","url":"https:\/\/secure.gravatar.com\/avatar\/f7b3e8bb7f7cc0c6ca940e74a10b952be4c7d81de8a980387c865f88889f02e3?s=96&d=mm&r=g","height":96,"width":96}},"publisher":{"@type":"Organization","name":"digielias.cz","logo":{"@type":"ImageObject","@id":"\/logo.png","url":"\/logo.png","width":600,"height":60}},"image":{"@type":"ImageObject","@id":"https:\/\/www.digielias.cz\/wp-content\/uploads\/img_a319882_w2058_t1531035502.jpg","url":"https:\/\/www.digielias.cz\/wp-content\/uploads\/img_a319882_w2058_t1531035502.jpg","height":0,"width":0},"url":"https:\/\/www.digielias.cz\/muzi-a-zeny-maji-rozdilnou-plet\/","wordCount":532,"articleBody":"\tN\u011bkte\u0159\u00ed z\u00a0v\u00e1s je\u0161t\u011b pamatuj\u00ed dobu, kdy se mu\u017ei holili pouze \u0161t\u011btkou, b\u0159itvou a Barbusem, kdy jim sta\u010dila p\u011bna na holen\u00ed a \u010dist\u00e1 pramenit\u00e1 voda. Ple\u0165ov\u00e9 kr\u00e9my pova\u017eovali za dom\u00e9nu \u017een a d\u00edvek. Doba se v\u0161ak m\u011bn\u00ed. V\u011bt\u0161ina mu\u017e\u016f, a to i v\u00a0pokro\u010dil\u00e9m v\u011bku, dnes o sebe v\u00edce db\u00e1, sna\u017e\u00ed se p\u016fsobit mladistv\u00fdm dojmem, vyu\u017e\u00edv\u00e1 regenera\u010dn\u00edch ple\u0165ov\u00fdch kr\u00e9m\u016f a p\u0159\u00edpravk\u016f.\tPoko\u017eka zrcadl\u00ed vnit\u0159n\u00ed stavLidsk\u00e1 k\u016f\u017ee je pova\u017eov\u00e1na za funk\u010dn\u00ed org\u00e1n, bez n\u00ed bychom nemohli efektivn\u011b d\u00fdchat, je zn\u00e1mo, \u017ee pokud bychom zakryli neprody\u0161nou vrstvou v\u00edce ne\u017e polovinu plochy k\u016f\u017ee, udusili bychom se. M\u011bli bychom se tud\u00ed\u017e o ni adekv\u00e1tn\u011b starat a pova\u017eovat ji za velice d\u016fle\u017eitou \u010d\u00e1st t\u011bla.Na\u0161e t\u011blo v\u0161ak pracuje na principu priorit, nejprve je t\u0159eba zajistit v\u00fd\u017eivu pro bu\u0148ky vnit\u0159n\u00edch org\u00e1n\u016f \u2013 srdce, tepen a \u017eil, mozku, ledvin, jater a slinivky, d\u00e1le \u017ealudku a st\u0159ev. Teprve pak p\u0159ich\u00e1z\u00ed na \u0159adu ostatn\u00ed periferie, jako je k\u016f\u017ee, vlasy, zubovina, nehty, o\u010di, sluchov\u00e9 org\u00e1ny, \u010dich. Na stavu poko\u017eky, vlas\u016f, ochlupen\u00ed a neht\u016f tedy zaznamen\u00e1me v\u017edy jako z\u00a0prvn\u00ed ruky n\u011bjak\u00fd nedostatek. Vlasy \u0161ednou, vypad\u00e1vaj\u00ed, na pleti se tvo\u0159\u00ed vr\u00e1sky, ochabuje n\u00e1m, st\u00e1v\u00e1 se m\u00e9n\u011b pru\u017enou, a to ve chv\u00edli, kdy se t\u011blu nedost\u00e1v\u00e1 pat\u0159i\u010dn\u00e9 v\u00fd\u017eivy, a je tak\u00e9 vystaveno psychick\u00e9mu tlaku \u2013 stresu.\tMu\u017esk\u00e1 versus \u017eensk\u00e1 k\u016f\u017eeMu\u017ei maj\u00ed ve srovn\u00e1n\u00ed s\u00a0\u017eenami ple\u0165 zhruba o 15 procent v\u00edce mastnou a asi o jednu p\u011btinu hutn\u011bj\u0161\u00ed \u2013 siln\u011bj\u0161\u00ed a v\u00edce prokrvenou. T\u00edm p\u00e1dem tak\u00e9 vy\u017eaduje vy\u0161\u0161\u00ed p\u0159\u00edjem \u017eivin a energie. Pochopiteln\u011b se tak\u00e9 li\u0161\u00ed ka\u017edodenn\u00ed p\u00e9\u010de o mu\u017eskou ple\u0165 od t\u00e9 \u017eensk\u00e9, nav\u00edc je tak\u0159\u00edkaj\u00edc denn\u011b vystavena holen\u00ed, co\u017e zp\u016fsobuje mikro z\u00e1n\u011bty a drobn\u00e1 vl\u00e1se\u010dnicov\u00e1 poran\u011bn\u00ed.Rozd\u00edl mezi mu\u017ei a \u017eenami spo\u010d\u00edv\u00e1 i ve slo\u017een\u00ed hormon\u00e1ln\u00edm. U mu\u017e\u016f dominuj\u00ed steroidy, kde m\u00e1 nejv\u00fdznamn\u011bj\u0161\u00ed vliv testosteron, a ten sekund\u00e1rn\u011b p\u016fsob\u00ed na tvorbu pytl\u016f pod o\u010dima, roz\u0161i\u0159ov\u00e1n\u00ed p\u00f3r\u016f a vznik vr\u00e1sek. V\u011bt\u0161\u00ed p\u00f3ry jsou v\u00edce zat\u011b\u017eov\u00e1ny ne\u010distotami a v\u011bt\u0161\u00ed tvorba ko\u017en\u00edho mazu m\u016f\u017ee poko\u017eku deformovat a podporovat vznik akn\u00e9, pup\u00ednk\u016f, prohlubn\u00ed a dal\u0161\u00edch vr\u00e1sek. Proto se vypl\u00e1c\u00ed ji pravideln\u011b \u010distit, pou\u017e\u00edvat\u00a0ob\u010dasn\u00fd peeling a tak\u00e9 ji o\u0161et\u0159ovat kr\u00e9my ur\u010den\u00fdmi pro mu\u017eskou populaci. D\u00e1vno pry\u010d je tedy doba, kdy sta\u010dilo pot\u0159\u00edt tv\u00e1\u0159e vodou po holen\u00ed, kter\u00e1 k\u016f\u017ei na b\u00e1zi alkoholu naopak vysu\u0161ila. Aplikac\u00ed kr\u00e9m\u016f po holen\u00ed z\u00edsk\u00e1 poko\u017eka v\u00edce mladistv\u00fd vzhled a p\u0159edev\u0161\u00edm pot\u0159ebnou v\u00fd\u017eivu.                                                                                                                                                                                                                                                                                                                                                                                        5\/5 - (5 votes)        "},{"@context":"https:\/\/schema.org\/","@type":"BreadcrumbList","itemListElement":[{"@type":"ListItem","position":1,"name":"Mu\u017ei a \u017eeny maj\u00ed rozd\u00edlnou ple\u0165","item":"https:\/\/www.digielias.cz\/muzi-a-zeny-maji-rozdilnou-plet\/#breadcrumbitem"}]}]