[{"@context":"https:\/\/schema.org\/","@type":"Article","@id":"https:\/\/www.digielias.cz\/pod-jednou-strechou\/#Article","mainEntityOfPage":"https:\/\/www.digielias.cz\/pod-jednou-strechou\/","headline":"Pod jednou st\u0159echou","name":"Pod jednou st\u0159echou","description":"Dnes u\u017e hodn\u011b mlad\u00fdch rodin bydl\u00ed v\u00a0nov\u00fdch rodinn\u00fdch domech, nebo v\u00a0takov\u00fdch, kter\u00e9 si rekonstrukc\u00ed upravili","datePublished":"2020-01-07","dateModified":"2023-06-02","author":{"@type":"Person","@id":"https:\/\/www.digielias.cz\/author\/devene\/#Person","name":"devene","url":"https:\/\/www.digielias.cz\/author\/devene\/","identifier":1,"image":{"@type":"ImageObject","@id":"https:\/\/secure.gravatar.com\/avatar\/f7b3e8bb7f7cc0c6ca940e74a10b952be4c7d81de8a980387c865f88889f02e3?s=96&d=mm&r=g","url":"https:\/\/secure.gravatar.com\/avatar\/f7b3e8bb7f7cc0c6ca940e74a10b952be4c7d81de8a980387c865f88889f02e3?s=96&d=mm&r=g","height":96,"width":96}},"publisher":{"@type":"Organization","name":"digielias.cz","logo":{"@type":"ImageObject","@id":"\/logo.png","url":"\/logo.png","width":600,"height":60}},"image":{"@type":"ImageObject","@id":"https:\/\/www.digielias.cz\/wp-content\/uploads\/img_a367946_w3044_t1580320866.jpg","url":"https:\/\/www.digielias.cz\/wp-content\/uploads\/img_a367946_w3044_t1580320866.jpg","height":0,"width":0},"url":"https:\/\/www.digielias.cz\/pod-jednou-strechou\/","about":["Domov"],"wordCount":554,"articleBody":"Dnes u\u017e hodn\u011b mlad\u00fdch rodin bydl\u00ed v\u00a0nov\u00fdch rodinn\u00fdch domech, nebo v\u00a0takov\u00fdch, kter\u00e9 si rekonstrukc\u00ed upravili a p\u0159izp\u016fsobili v\u0161em \u010dlen\u016fm rodiny pro pohodln\u011bj\u0161\u00ed bydlen\u00ed.Domov nen\u00ed jen to, kde bydl\u00edme, ale je to i krajina, prost\u0159ed\u00ed, kter\u00e9 v\u00a0n\u00e1s zanech\u00e1 kr\u00e1sn\u00e9 i bolestn\u00e9 vzpom\u00ednky.Star\u0161\u00ed lid\u00e9, ti \u201ed\u0159\u00edve narozen\u00ed\u201c, v\u011bt\u0161inou \u017eili za socialismu. Kdy\u017e oni byli mlad\u00ed, t\u00e9\u017e si za\u0159izovali sv\u00e9 domovy podle sv\u00fdch p\u0159edstav a mo\u017enost\u00ed. A\u0165 to byl byt v\u00a0\u010din\u017eovn\u00edm dom\u011b, nebo rodinn\u00fd d\u016fm. Chodili do pr\u00e1ce, vychovali sv\u00e9 d\u011bti a pomalu zest\u00e1rli. A jak je zn\u00e1mo, star\u0161\u00ed \u010dlov\u011bk u\u017e nepot\u0159ebuje ke sv\u00e9mu \u017eivotu tolik hmotn\u00fdch v\u011bc\u00ed, jako ti mlad\u0161\u00ed. Star\u0161\u00ed lid\u00e9, na\u0161e babi\u010dky a d\u011bde\u010dkov\u00e9, pot\u0159ebuji n\u011bco jin\u00e9ho. Je to nejenom klid a pohodu, ale pot\u0159ebuj\u00ed m\u00edt pocit, \u017ee je\u0161t\u011b pro svou rodinu jsou d\u016fle\u017eit\u00ed, necht\u011bj\u00ed se c\u00edtit osamocen\u011b a hlavn\u011b se velmi t\u011b\u017eko lou\u010d\u00ed se sv\u00fdm star\u00fdm domovem, kter\u00fd n\u011bkdy mus\u00ed opustit. V\u011bt\u0161inou to b\u00fdv\u00e1 ze zdravotn\u00edch d\u016fvod\u016f, proto\u017ee jejich d\u011bti jsou pracovn\u011b vyt\u00ed\u017eeny, aby se o n\u011b mohli p\u0159\u00edpadn\u011b postarat. Jak maj\u00ed sv\u016fj domov za\u0159\u00edzen\u00fd, je pro jejich bezpe\u010dnost velmi D\u016fle\u017eit\u00e9. Mnoho star\u0161\u00edch lid\u00ed, p\u0159edev\u0161\u00edm d\u016fchodci nad 70 let, se je\u0161t\u011b o sebe dok\u00e1\u017eou postarat, ale jejich fyzick\u00e9 mo\u017enosti jsou v\u011bt\u0161inou u\u017e trochu omezen\u00e9. Nemaj\u00ed tolik sil jako d\u0159\u00edve, mohou i h\u016f\u0159e vid\u011bt a t\u0159eba se jim \u010dasto zamot\u00e1 hlava. Proto je d\u016fle\u017eit\u00e9, aby v\u00a0tomto v\u011bku m\u011bli sv\u00e9 bydlen\u00ed, kter\u00e9 pova\u017euj\u00ed za sv\u016fj domov, p\u0159izp\u016fsoben\u00fd. Nap\u0159\u00edklad \u017eidle nebo k\u0159esla nesm\u00ed b\u00fdt vratk\u00e1, na druhou stranu by m\u011bly b\u00fdt z\u00a0lehk\u00e9ho materi\u00e1lu., aby ho dok\u00e1zali p\u0159em\u00edstit. D\u016fle\u017eit\u00e1 je v\u00fd\u0161ka jejich postele a \u00falo\u017en\u00fd n\u00e1bytek, kter\u00fd by nem\u011bl b\u00fdt vysok\u00fd. Takto vhodn\u011b p\u0159izp\u016fsoben\u00fd n\u00e1bytek umo\u017en\u00ed t\u011bmto star\u0161\u00edm lidem to, \u017ee se ani oni ani jejich rodina nemus\u00ed tolik b\u00e1t o jejich bezpe\u010dnost.V\u00a0dne\u0161n\u00ed dob\u011b mnoho mlad\u00fdch dosp\u011bl\u00fdch lid\u00ed, kte\u0159\u00ed pro nedostatek byt\u016f a p\u0159ev\u00e1\u017en\u011b i kv\u016fli tomu, \u017ee jsou po finan\u010dn\u00ed str\u00e1nce a\u017e nesmysln\u011b drah\u00e9, tak \u017eij\u00ed i nad\u00e1le doma u rodi\u010d\u016f nebo prarodi\u010d\u016f. Mluv\u00ed se o tom dost \u010dasto. Ale je je\u0161t\u011b mnoho oby\u010dejn\u00fdch rodin, kter\u00e9 \u017eij\u00ed ve star\u00fdch domech nebo bytech, ale bohu\u017eel nemaj\u00ed dostatek financ\u00ed na jeho vhodnou rekonstrukci. Ale jednu nebo dv\u011b m\u00edstnosti, kter\u00e9 star\u0161\u00ed lid\u00e9 ob\u00fdvaj\u00ed, tak by m\u011bly b\u00fdt p\u0159izp\u016fsobeny jejich pot\u0159eb\u00e1m. V\u010detn\u011b koupelny a lehce ovladateln\u00e9ho v\u011btr\u00e1n\u00ed. Ka\u017ed\u00fd zest\u00e1rne a jak je zn\u00e1mo, star\u0161\u00ed lid\u00e9 jsou psychicky p\u0159ipoutan\u00ed ke sv\u00e9mu domovu, kde pro\u017eili dlouh\u00fd kus sv\u00e9ho \u017eivota. Je na d\u011btech, aby taktn\u011b domov sv\u00fdch rodi\u010d\u016f postupn\u011b zlep\u0161ovaly pro jejich pohodln\u00e9 bydlen\u00ed.                                                                                                                                                                                                                                                                                                                                                                                        3.7\/5 - (4 votes)        "},{"@context":"https:\/\/schema.org\/","@type":"BreadcrumbList","itemListElement":[{"@type":"ListItem","position":1,"name":"Pod jednou st\u0159echou","item":"https:\/\/www.digielias.cz\/pod-jednou-strechou\/#breadcrumbitem"}]}]