[{"@context":"https:\/\/schema.org\/","@type":"Article","@id":"https:\/\/www.digielias.cz\/podnikani-nezdar\/#Article","mainEntityOfPage":"https:\/\/www.digielias.cz\/podnikani-nezdar\/","headline":"Podnik\u00e1n\u00ed (ne)zdar","name":"Podnik\u00e1n\u00ed (ne)zdar","description":"Dost mo\u017en\u00e1 si je\u0161t\u011b vzpomenete na p\u00edsni\u010dku Ivana Ml\u00e1dka U\u017e je to tady. &bdquo;Celej \u017eivot","datePublished":"2018-12-01","dateModified":"2023-06-02","author":{"@type":"Person","@id":"https:\/\/www.digielias.cz\/author\/devene\/#Person","name":"devene","url":"https:\/\/www.digielias.cz\/author\/devene\/","identifier":1,"image":{"@type":"ImageObject","@id":"https:\/\/secure.gravatar.com\/avatar\/f7b3e8bb7f7cc0c6ca940e74a10b952be4c7d81de8a980387c865f88889f02e3?s=96&d=mm&r=g","url":"https:\/\/secure.gravatar.com\/avatar\/f7b3e8bb7f7cc0c6ca940e74a10b952be4c7d81de8a980387c865f88889f02e3?s=96&d=mm&r=g","height":96,"width":96}},"publisher":{"@type":"Organization","name":"digielias.cz","logo":{"@type":"ImageObject","@id":"\/logo.png","url":"\/logo.png","width":600,"height":60}},"image":{"@type":"ImageObject","@id":"https:\/\/www.digielias.cz\/wp-content\/uploads\/img_a332747_w2732_t1545748604.jpg","url":"https:\/\/www.digielias.cz\/wp-content\/uploads\/img_a332747_w2732_t1545748604.jpg","height":0,"width":0},"url":"https:\/\/www.digielias.cz\/podnikani-nezdar\/","about":["Slu\u017eby"],"wordCount":630,"articleBody":"\tDost mo\u017en\u00e1 si je\u0161t\u011b vzpomenete na p\u00edsni\u010dku Ivana Ml\u00e1dka U\u017e je to tady. &bdquo;Celej \u017eivot sna\u017eil jsem se za\u010d\u00edt v n\u011b\u010dem podnikat&hellip;&ldquo; A takov\u00fdch n\u00e1s tenkr\u00e1t kr\u00e1tce po revoluci zvan\u00e9 sametov\u00e1 bylo! V\u0161ichni jsme si p\u0159edstavovali, jak za\u010dneme svoj\u00ed prac\u00ed vyd\u011bl\u00e1vat nam\u00edsto tabulkov\u00fdch plat\u016f od st\u00e1tu skute\u010dn\u011b velk\u00e9 pen\u00edze, a ani n\u00e1s v t\u00e9 dob\u011b n\u011bjak netr\u00e1pilo, \u017ee za to budeme muset za\u010d\u00edt opravdu pracovat, co\u017e p\u0159edt\u00edm \u010dasto nejednou nebylo v t\u00e9to zemi zvykem.\t\tTakov\u00fdch n\u00e1s bylo, kdo jsme cht\u011bli podnikat! Bylo to nov\u00e9, nezn\u00e1m\u00e9, l\u00e1kaj\u00edc\u00ed a dosud netu\u0161en\u00e9 mo\u017enosti nab\u00edzej\u00edc\u00ed. T\u0159eba ta p\u0159edstava, \u017ee budeme sv\u00fdmi vlastn\u00edmi p\u00e1ny, \u017ee n\u00e1m do na\u0161eho d\u00edla nebude nikdo shora kecat, \u017ee se realizujeme v oboru, ve kter\u00e9m chceme, a ne v tom, jen\u017e n\u00e1m byl p\u0159edur\u010den vzd\u011bl\u00e1n\u00edm, jeho\u017e se n\u00e1m dostalo, p\u0159\u00edpadn\u011b konexemi.\tCht\u011bli jsme podnikat. Mnoz\u00ed. Ov\u0161em ub\u011bhly dv\u011b des\u00edtky let a v\u0161echno je najednou do jist\u00e9 m\u00edry jinak. Optimismus \u010dasto vyprchal a my najednou nejednou vid\u00edme, jak .\tI kdy se pr\u00fd u n\u00e1s po\u010det mal\u00fdch a st\u0159edn\u00edch firem v posledn\u00edch deseti letech skoro zdvojn\u00e1sobil, je u n\u00e1s jen vcelku m\u00e1lo t\u011bch, kdo se soukromni\u010den\u00ed v\u011bnuj\u00ed, takov\u00fdch je v na\u0161\u00ed zemi relativn\u011b m\u00e9n\u011b ne\u017e v jin\u00fdch evropsk\u00fdch zem\u00edch.\t\tKonec devades\u00e1t\u00fdch let a pozd\u011bji hospod\u00e1\u0159sk\u00e1 krize se na podnik\u00e1n\u00ed u n\u00e1s neblaze podepsaly, a pokud tak dnes n\u011bkdo soukrom\u011b podnik\u00e1 v mal\u00e9m, jsou to hlavn\u011b provozovatel\u00e9 restaura\u010dn\u00edch za\u0159\u00edzen\u00ed, minipivovar\u016f, pek\u00e1ren, kav\u00e1ren a cukr\u00e1ren. Podnik\u00e1 se hlavn\u011b v oborech t\u00fdkaj\u00edc\u00edch se potravin; logicky, proto\u017ee j\u00edst se mus\u00ed, j\u00edst se bude v\u017edycky a tak se sp\u00ed\u0161e najdou odb\u011bratel\u00e9 ochotn\u00ed za to \u010di ono zaplatit.\tDrobn\u00e9mu podnik\u00e1n\u00ed se ale da\u0159\u00ed p\u0159edev\u0161\u00edm tam, kde koncentrovan\u011b \u017eije velk\u00e9 mno\u017estv\u00ed lid\u00ed, tedy ve velk\u00fdch m\u011bstech a oblastech hojn\u011b nav\u0161t\u011bvovan\u00fdch turisty, zat\u00edmco na venkov\u011b nejednou zm\u00edr\u00e1 byznys na \u00fabyt\u011b. Proto\u017ee tam je pro podnikatele daleko t\u011b\u017e\u0161\u00ed si zajistit odbyt a u\u017eivit se.\tPodle dva roky star\u00fdch \u00fadaj\u016f pr\u00fd u n\u00e1s m\u00e1me hodn\u011b p\u0159es milion mal\u00fdch firem maxim\u00e1ln\u011b s pades\u00e1tkou zam\u011bstnanc\u016f, ov\u0161em tyto jsou dost nerovnom\u011brn\u011b rozlo\u017een\u00e9. St\u0159edo\u010de\u0161i se t\u0159eba maj\u00ed, ti maj\u00ed podnikatel\u016f nab\u00edzej\u00edc\u00edch sv\u00e9 slu\u017eby dost a kv\u016fli tomu nakoup\u00ed nejen pohodln\u011b, ale d\u00edky vz\u00e1jemn\u00e9 konkurenci i levn\u011bji, zat\u00edmco jinde se najde t\u0159eba nanejv\u00fd\u0161 tak jeden jedin\u00fd m\u00edstn\u00ed obch\u016fdek s daleko vy\u0161\u0161\u00edmi cenami. Ve m\u011bstech lze hrav\u011b sehnat jakoukoliv slu\u017ebu, jen o nemnoho kilometr\u016f d\u00e1l na venkov\u011b je tot\u00e9\u017e nejednou ryz\u00ed utopi\u00ed.\tLeckde dnes (nebo dodnes?) chyb\u00ed dopravn\u00ed spojen\u00ed, n\u011bkde se neda\u0159\u00ed ani z\u00e1sobov\u00e1n\u00ed potravinami. A to vede nejednou k vylid\u0148ov\u00e1n\u00ed n\u011bkter\u00fdch oblast\u00ed na\u0161\u00ed zem\u011b. Kdy\u017e tam p\u0159ece nic nen\u00ed, co by tam lid\u00e9 d\u011blali, \u017ee?\tKdy\u017e to tam nijak extra &bdquo;nesype&ldquo;, r\u00e1zem mnoz\u00ed z m\u00edstn\u00edch zapom\u00ednaj\u00ed na ona Ml\u00e1dkova slova. U\u017e si nevzpom\u00ednaj\u00ed na to &bdquo;u\u017e je to tady, nemus\u00edm u\u017e zdrhnout, u\u017e se m\u016f\u017eu u n\u00e1s doma do n\u011b\u010deho vrhnout&ldquo;.                                                                                                                                                                                                                                                                                                                                                                                        4.7\/5 - (7 votes)        "},{"@context":"https:\/\/schema.org\/","@type":"BreadcrumbList","itemListElement":[{"@type":"ListItem","position":1,"name":"Podnik\u00e1n\u00ed (ne)zdar","item":"https:\/\/www.digielias.cz\/podnikani-nezdar\/#breadcrumbitem"}]}]