[{"@context":"https:\/\/schema.org\/","@type":"Article","@id":"https:\/\/www.digielias.cz\/podnikatel-reprezentuje-i-pouzdrem\/#Article","mainEntityOfPage":"https:\/\/www.digielias.cz\/podnikatel-reprezentuje-i-pouzdrem\/","headline":"Podnikatel reprezentuje i pouzdrem","name":"Podnikatel reprezentuje i pouzdrem","description":"Ur\u010dit\u011b jste u\u017e n\u011bkdy jednali s firmou nebo sp\u00ed\u0161 s jej\u00edm z\u00e1stupcem osobn\u011b a ur\u010dit\u011b","datePublished":"2023-12-13","dateModified":"2023-12-13","author":{"@type":"Person","@id":"https:\/\/www.digielias.cz\/author\/devene\/#Person","name":"devene","url":"https:\/\/www.digielias.cz\/author\/devene\/","identifier":1,"image":{"@type":"ImageObject","@id":"https:\/\/secure.gravatar.com\/avatar\/f7b3e8bb7f7cc0c6ca940e74a10b952be4c7d81de8a980387c865f88889f02e3?s=96&d=mm&r=g","url":"https:\/\/secure.gravatar.com\/avatar\/f7b3e8bb7f7cc0c6ca940e74a10b952be4c7d81de8a980387c865f88889f02e3?s=96&d=mm&r=g","height":96,"width":96}},"publisher":{"@type":"Organization","name":"digielias.cz","logo":{"@type":"ImageObject","@id":"\/logo.png","url":"\/logo.png","width":600,"height":60}},"url":"https:\/\/www.digielias.cz\/podnikatel-reprezentuje-i-pouzdrem\/","wordCount":240,"articleBody":"Ur\u010dit\u011b jste u\u017e n\u011bkdy jednali s firmou nebo sp\u00ed\u0161 s jej\u00edm z\u00e1stupcem osobn\u011b a ur\u010dit\u011b jste se domlouvali na podm\u00ednk\u00e1ch uskute\u010dn\u011bn\u00ed n\u011bjak\u00e9 transakce. V n\u011bkter\u00fdch p\u0159\u00edpadech je dobr\u00e9 nerozhodovat se hned, proto z\u00e1stupce firmy v\u011bnuje klientovi nav\u0161t\u00edvenku, kde je uveden kontakt. Dobr\u00fd podnikatel nechce klienta osl\u0148ovat bohatstv\u00edm, ale p\u0159esto, v\u0161imli jste si, odkud nav\u0161t\u00edvenku vytahuje? Dobr\u00fd podnikatel reprezentuje ka\u017ed\u00fdm detailem. Pouzdro na vizitky je jedn\u00edm z nich. V\u0161imli jste si tedy, kde m\u00e1 sv\u00e9 nav\u0161t\u00edvenky ulo\u017een\u00e9?I detail m\u016f\u017ee rozhodnoutVyt\u00e1hne-li podnikatel nav\u0161t\u00edvenku z kapsy u saka, dob\u0159e. M\u00e1 ji p\u0159edem p\u0159ipravenou a po\u010d\u00edt\u00e1 s jej\u00edm p\u0159ed\u00e1n\u00edm. Lov\u00ed-li ji po kaps\u00e1ch nebo v ta\u0161ce a p\u0159ed\u00e1v\u00e1 ji poma\u010dkanou nebo je\u0161t\u011b h\u016f\u0159 poni\u010denou, pak to asi nebude to prav\u00e9 o\u0159echov\u00e9. Ov\u0161em, pokud ji vynd\u00e1 \u00fahlednou, a nav\u00edc z ko\u017een\u00e9 kapsi\u010dky, pak u\u017e je to o n\u011b\u010dem \u00fapln\u011b jin\u00e9m. Ne\u0159\u00edkejte, \u017ee to na V\u00e1s neud\u011bl\u00e1 dobr\u00fd dojem. Dokonce i Vy vn\u00edm\u00e1te tyto detaily, i kdy\u017e mo\u017en\u00e1 podv\u011bdom\u011b. A nakonec, pro\u010d byste i Vy jeho vizitku neulo\u017eil tamt\u00e9\u017e. Jen a\u0165 vid\u00ed, \u017ee nejste \u017e\u00e1dn\u00fd b\u0159\u00eddil!                                                                                                                                                                                                                                                                                                                                                                                        3.6\/5 - (8 votes)        "},{"@context":"https:\/\/schema.org\/","@type":"BreadcrumbList","itemListElement":[{"@type":"ListItem","position":1,"name":"Podnikatel reprezentuje i pouzdrem","item":"https:\/\/www.digielias.cz\/podnikatel-reprezentuje-i-pouzdrem\/#breadcrumbitem"}]}]