[{"@context":"https:\/\/schema.org\/","@type":"Article","@id":"https:\/\/www.digielias.cz\/sva-prani-bychom-meli-plnit\/#Article","mainEntityOfPage":"https:\/\/www.digielias.cz\/sva-prani-bychom-meli-plnit\/","headline":"Sv\u00e1 p\u0159\u00e1n\u00ed bychom m\u011bli plnit","name":"Sv\u00e1 p\u0159\u00e1n\u00ed bychom m\u011bli plnit","description":"\u010cas od \u010dasu se ka\u017ed\u00fd z n\u00e1s dostane do situace, kdy po n\u011b\u010dem zatou\u017e\u00ed. A","datePublished":"2016-12-06","dateModified":"2023-06-02","author":{"@type":"Person","@id":"https:\/\/www.digielias.cz\/author\/devene\/#Person","name":"devene","url":"https:\/\/www.digielias.cz\/author\/devene\/","identifier":1,"image":{"@type":"ImageObject","@id":"https:\/\/secure.gravatar.com\/avatar\/f7b3e8bb7f7cc0c6ca940e74a10b952be4c7d81de8a980387c865f88889f02e3?s=96&d=mm&r=g","url":"https:\/\/secure.gravatar.com\/avatar\/f7b3e8bb7f7cc0c6ca940e74a10b952be4c7d81de8a980387c865f88889f02e3?s=96&d=mm&r=g","height":96,"width":96}},"publisher":{"@type":"Organization","name":"digielias.cz","logo":{"@type":"ImageObject","@id":"\/logo.png","url":"\/logo.png","width":600,"height":60}},"url":"https:\/\/www.digielias.cz\/sva-prani-bychom-meli-plnit\/","about":["Ekonomika"],"wordCount":525,"articleBody":"  \u010cas od \u010dasu se ka\u017ed\u00fd z n\u00e1s dostane do situace, kdy po n\u011b\u010dem zatou\u017e\u00ed. A takov\u00e1 p\u0159\u00e1n\u00ed b\u00fdvaj\u00ed r\u016fzn\u00e1. N\u011bkdo by cht\u011bl m\u00edt nov\u00fd automobil, proto\u017ee ten jeho star\u00fd je ji\u017e ojet\u00fd anebo se mu moc nel\u00edb\u00ed, jin\u00fd by cht\u011bl rekonstruovat sv\u016fj byt, proto\u017ee mu u\u017e v n\u011bm v\u0161echno pad\u00e1 na hlavu anebo prost\u011b proto, \u017ee tou\u017e\u00ed po zm\u011bn\u011b a po modern\u00edm interi\u00e9ru a jin\u00fd zase tou\u017e\u00ed vyrazit k mo\u0159i do tepl\u00fdch krajin a u\u017e\u00edt si po roce d\u0159iny tak\u00e9 trochu toho luxusu. \u00b7 A v\u0161ichni v koutku du\u0161e up\u0159\u00edmn\u011b z\u00e1vid\u00edme t\u011bm, kter\u00fdm \u017eivot nestav\u00ed do cesty \u017e\u00e1dn\u00e9 p\u0159ek\u00e1\u017eky, aby si sv\u00e9 p\u0159\u00e1n\u00ed \u010di \u017eivotn\u00ed sen mohli splnit. Jen\u017ee ne ka\u017ed\u00fd z n\u00e1s m\u00e1 na r\u016f\u017e\u00edch ustl\u00e1no, a ne ka\u017ed\u00fd z n\u00e1s se narodil tak zvan\u011b pod \u0161\u0165astnou hv\u011bzdou. Ov\u0161em i kdy\u017e se n\u00e1m v \u017eivot\u011b t\u0159eba neda\u0159\u00ed tak, jak bychom si p\u0159\u00e1li a nevyd\u011bl\u00e1v\u00e1me tolik pen\u011bz, kolik bychom pot\u0159ebovali, tak by bylo velkou chybou si v\u0161echna pot\u011b\u0161en\u00ed odp\u00edrat a sv\u00e1 p\u0159\u00e1n\u00ed ulo\u017eit n\u011bkde na dno star\u00e9 truhly, abychom se jich zbavili. \u00b7 Kdy\u017e toti\u017e \u010dlov\u011bk po n\u011b\u010dem intenzivn\u011b tou\u017e\u00ed, tak i kdyby se stav\u011bl na hlavu, tak na danou v\u011bc bude muset neust\u00e1le myslet a nebude m\u00edt v \u017eivot\u011b klid, dokud ji neuskute\u010dn\u00ed. Tak\u017ee je spr\u00e1vn\u00fdm \u0159e\u0161en\u00edm, hledat cesty k tomu, jak bychom si mohli alespo\u0148 n\u011bkter\u00fd z na\u0161ich sn\u016f splnit, proto\u017ee jejich v\u011bdom\u00e9 odm\u00edt\u00e1n\u00ed m\u016f\u017ee postupn\u011b v\u00e9st a\u017e k t\u011b\u017ek\u00fdm depres\u00edm a pocit\u016fm, \u017ee n\u00e1\u0161 \u017eivot za nic nestoj\u00ed. Zkr\u00e1tka jednodu\u0161e \u0159e\u010deno, \u017eivot nen\u00ed pe\u0159\u00ed\u010dko a k tomu, abychom dok\u00e1zali plnit \u00fakoly, kter\u00e9 n\u00e1m ka\u017ed\u00fd den ulo\u017e\u00ed, mus\u00edme m\u00edt tu spr\u00e1vnou motivaci a mus\u00edme se um\u011bt pat\u0159i\u010dn\u011b odm\u011bnit za svou snahu a za odvedenou pr\u00e1ci. A tou pravou odm\u011bnou je spln\u011bn\u00ed takov\u00e9ho p\u0159\u00e1n\u00ed. \u00b7 Proto bychom m\u011bli p\u0159em\u00fd\u0161let nad t\u00edm, jak se ke sv\u00e9mu c\u00edli dostat. N\u011bkdo je schopn\u00fd si na sv\u016fj sen postupn\u011b na\u0161et\u0159it a jin\u00fd i kdyby se stav\u011bl na hlavu, tak by musel \u0161et\u0159it n\u011bkolik let, ne\u017e by m\u011bl dost pen\u011bz. A pr\u00e1v\u011b pro tyto p\u0159\u00edpady je tady skv\u011bl\u00fd pomocn\u00edk alias hypot\u00e9ka bez dokl\u00e1d\u00e1n\u00ed p\u0159\u00edjm\u016f, kdy si m\u016f\u017eeme p\u016fj\u010dit p\u0159esn\u011b tolik pen\u011bz, kolik zrovna pot\u0159ebujeme a spl\u00e1cet je m\u016f\u017eeme postupn\u011b i n\u011bkolik des\u00edtek let v z\u00e1vislosti na na\u0161ich p\u0159\u00edjmech. A proto\u017ee je jej\u00ed z\u00edsk\u00e1n\u00ed velice snadn\u00e9, tak NEV\u00c1HEJTE A P\u0158ESTA\u0147TE U\u017d KONE\u010cN\u011a SV\u00c9 SNY ODKL\u00c1DAT NA POTOM!                                                                                                                                                                                                                                                                                                                                                                                         3.8\/5 - (6 votes)        "},{"@context":"https:\/\/schema.org\/","@type":"BreadcrumbList","itemListElement":[{"@type":"ListItem","position":1,"name":"Sv\u00e1 p\u0159\u00e1n\u00ed bychom m\u011bli plnit","item":"https:\/\/www.digielias.cz\/sva-prani-bychom-meli-plnit\/#breadcrumbitem"}]}]