[{"@context":"https:\/\/schema.org\/","@type":"Article","@id":"https:\/\/www.digielias.cz\/ulevte-sve-dusi\/#Article","mainEntityOfPage":"https:\/\/www.digielias.cz\/ulevte-sve-dusi\/","headline":"Ulevte sv\u00e9 du\u0161i","name":"Ulevte sv\u00e9 du\u0161i","description":"P\u00e9\u010de o na\u0161e psychickou pohodu je velmi d\u016fle\u017eit\u00e1. Ne nadarmo se \u0159\u00edk\u00e1, \u017ee pr\u00e1v\u011b na\u0161e","datePublished":"2020-03-21","dateModified":"2023-08-17","author":{"@type":"Person","@id":"https:\/\/www.digielias.cz\/author\/devene\/#Person","name":"devene","url":"https:\/\/www.digielias.cz\/author\/devene\/","identifier":1,"image":{"@type":"ImageObject","@id":"https:\/\/secure.gravatar.com\/avatar\/f7b3e8bb7f7cc0c6ca940e74a10b952be4c7d81de8a980387c865f88889f02e3?s=96&d=mm&r=g","url":"https:\/\/secure.gravatar.com\/avatar\/f7b3e8bb7f7cc0c6ca940e74a10b952be4c7d81de8a980387c865f88889f02e3?s=96&d=mm&r=g","height":96,"width":96}},"publisher":{"@type":"Organization","name":"digielias.cz","logo":{"@type":"ImageObject","@id":"\/logo.png","url":"\/logo.png","width":600,"height":60}},"image":{"@type":"ImageObject","@id":"https:\/\/www.digielias.cz\/wp-content\/uploads\/skr%C4%8Den%C3%BD%20mu%C5%BE%20na%20zemi%20.jpg","url":"https:\/\/www.digielias.cz\/wp-content\/uploads\/skr%C4%8Den%C3%BD%20mu%C5%BE%20na%20zemi%20.jpg","height":0,"width":0},"url":"https:\/\/www.digielias.cz\/ulevte-sve-dusi\/","about":["Slu\u017eby"],"wordCount":405,"articleBody":" P\u00e9\u010de o na\u0161e psychickou pohodu je velmi d\u016fle\u017eit\u00e1. Ne nadarmo se \u0159\u00edk\u00e1, \u017ee pr\u00e1v\u011b na\u0161e ment\u00e1ln\u00ed zdrav\u00ed se odr\u00e1\u017e\u00ed na zdrav\u00ed fyzick\u00e9m. V posledn\u00edch letech se o v\u00fdznamu du\u0161evn\u00edho zdrav\u00ed hovo\u0159\u00ed st\u00e1le v\u00edce a toto t\u00e9ma se dost\u00e1v\u00e1 do pop\u0159ed\u00ed. Jestli\u017ee i vy m\u00e1te tr\u00e1pen\u00ed, kter\u00e9 v\u00e1s su\u017euje, nebojte se se sv\u00fdm probl\u00e9m sv\u011b\u0159it a po\u017e\u00e1dat o odbornou pomoc. Jak probl\u00e9m \u0159e\u0161it?V dne\u0161n\u00ed dob\u011b existuje spoustu metod, pomoci, kter\u00fdch lze psychick\u00e1 tr\u00e1pen\u00ed a probl\u00e9my efektivn\u011b \u0159e\u0161it. Pochopiteln\u011b pro ka\u017ed\u00e9ho jedince bude vhodn\u00e9 zvolit \u0159e\u0161en\u00ed, kter\u00e9 bude vyhovovat pr\u00e1v\u011b jeho individu\u00e1ln\u00ed pot\u0159eb\u00e1m. Pro n\u011bkoho to m\u016f\u017ee b\u00fdt skupinov\u00e1 terapie. Na druhou stranu pro jin\u00e9ho \u010dlov\u011bka bude vhodn\u011bj\u0161\u00ed individu\u00e1ln\u00ed sezen\u00ed s terapeutem v soukrom\u00ed. Nezapom\u00ednejte tak\u00e9 na to, \u017ee naj\u00edt si terapeuta, je\u017e bude vyhovovat pr\u00e1v\u011b v\u00e1m, m\u016f\u017ee rovn\u011b\u017e zabrat ur\u010dit\u00fd \u010das. D\u016fle\u017eit\u00e9 je tak\u00e9 m\u00edt na pam\u011bti to, \u017ee \u0159e\u0161en\u00ed n\u011bkter\u00fdch probl\u00e9m\u016f, bude vy\u017eadovat del\u0161\u00ed \u010das. Bu\u010fte tedy trp\u011bliv\u00ed. Jestli\u017ee jste ji\u017e vyzkou\u0161eli klasickou psychoterapii, ale k\u00fd\u017een\u00e9 v\u00fdsledky se nedostavily, pak by pro v\u00e1s regresn\u00ed terapie Hlubinn\u00e1Regresn\u00edTerapie mohla b\u00fdt to prav\u00e9. Hlubinn\u00e1 terapie je v mnoha ohledech odli\u0161n\u00e1 ne\u017e klasick\u00e9 terapie. Tato alternativa m\u00e1 velk\u00e9 \u00fasp\u011bchy pr\u00e1v\u011b u klient\u016f, u kter\u00fdch konven\u010dn\u00ed metody nebyly \u00fasp\u011b\u0161n\u00e9. Nesna\u017ete se probl\u00e9my potla\u010dovatMnoz\u00ed lid\u00e9 se myln\u011b domn\u00edvaj\u00ed, \u017ee psychick\u00e9 probl\u00e9my odezn\u00ed samy, co\u017e nen\u00ed pravda. Jak je ji\u017e naps\u00e1no v\u00fd\u0161e, o svou du\u0161evn\u00ed pohodu bychom se m\u011bli ka\u017ed\u00fd den aktivn\u011b starat, nap\u0159\u00edklad formou meditace \u010di cvi\u010den\u00edm j\u00f3gy, kter\u00e1 m\u016f\u017ee b\u00fdt pro n\u011bkter\u00e9 jedince velmi n\u00e1pomocn\u00e1. Pokud v\u00e1s tr\u00e1p\u00ed trauma \u010di blok, vyhledejte odbornou pomoc, proto\u017ee potla\u010dov\u00e1n\u00ed t\u011bchto probl\u00e9m\u016f m\u016f\u017ee v\u00e9st a\u017e ke vzniku psychosomatick\u00fdch nemoc\u00ed. Nev\u00e1hejte a obra\u0165te se na odborn\u00edky, kte\u0159\u00ed v\u00e1m pomohou va\u0161e probl\u00e9my vy\u0159e\u0161it jednou pro v\u017edy a vy budete moci \u017e\u00edt kone\u010dn\u011b plnohodnotn\u00fd a \u0161\u0165astn\u00fd \u017eivot.                                                                                                                                                                                                                                                                                                                                                                                          4.3\/5 - (3 votes)        "},{"@context":"https:\/\/schema.org\/","@type":"BreadcrumbList","itemListElement":[{"@type":"ListItem","position":1,"name":"Ulevte sv\u00e9 du\u0161i","item":"https:\/\/www.digielias.cz\/ulevte-sve-dusi\/#breadcrumbitem"}]}]